{"id":161,"date":"2022-04-19T20:13:16","date_gmt":"2022-04-19T17:13:16","guid":{"rendered":"http:\/\/www.turkmen.cutbro.com\/?p=161"},"modified":"2022-08-24T18:58:35","modified_gmt":"2022-08-24T15:58:35","slug":"sac-lazeri","status":"publish","type":"post","link":"https:\/\/turkmenhairtransplant.com\/it\/sac-lazeri\/","title":{"rendered":"Sa\u00e7 Lazeri"},"content":{"rendered":"<p>Sa\u00e7 lazeri nedir?<\/p>\n<p>Sa\u00e7lar gerek kad\u0131nlar\u0131n gerekse erkeklerin en \u00f6nemli estetik aksesuar\u0131. Etkileyici bir g\u00f6r\u00fcn\u00fcme sahip olmak ve iyi hissetmek i\u00e7in sa\u00e7lar\u0131m\u0131z\u0131n yap\u0131s\u0131 ve \u015fekli olduk\u00e7a \u00f6nemli. Ancak modern ya\u015fam\u0131n getirdi\u011fi sa\u011fl\u0131ks\u0131z ya\u015fam ko\u015fullar\u0131, stres, genetik fakt\u00f6rler, ileri ya\u015f, troit hastal\u0131\u011f\u0131, demir ve D vitamini eksikli\u011fi sa\u00e7 kayb\u0131 ya\u015fanmas\u0131na neden olabiliyor. Sa\u00e7 tellerinin zay\u0131flamas\u0131, incelmesi ve baz\u0131 b\u00f6lgelerin tamam\u0131yla a\u00e7\u0131lmas\u0131 \u015feklinde g\u00f6r\u00fclen sa\u00e7 kayb\u0131, insanlar\u0131n motivasyon ve \u00f6zg\u00fcvenlerinin, dolay\u0131s\u0131yla ya\u015fam kalitelerinin d\u00fc\u015fmesine neden oluyor. \u0130\u015fte sa\u00e7 lazeri, sa\u00e7lar\u0131 g\u00fc\u00e7s\u00fczle\u015fen veya sa\u00e7 kayb\u0131 ya\u015fayan ki\u015filerin g\u00fcndelik ya\u015famdan kopmadan ve sevdiklerinden ayr\u0131lmadan; sa\u011fl\u0131kl\u0131, ac\u0131s\u0131z ve g\u00fcvenli bir y\u00f6ntemle hep hayal edilen dolgun sa\u00e7lara kavu\u015fmas\u0131n\u0131 sa\u011fl\u0131yor. Sa\u00e7 lazer tedavisi incelmi\u015f sa\u00e7lar\u0131 kal\u0131nla\u015ft\u0131r\u0131yor, d\u00f6k\u00fclmeyi durdurarak sa\u00e7 geli\u015fimini destekliyor.<\/p>\n<p>Sa\u00e7 lazeri nedir, sa\u00e7 kayb\u0131na nas\u0131l bir \u00e7\u00f6z\u00fcm sunabilir sorusu k\u0131saca \u015f\u00f6yle yan\u0131tlanabilir: Sa\u00e7 lazeri, g\u00fcncel teknoloji \u00fcr\u00fcn\u00fc lazer cihazlar\u0131 kullan\u0131larak sa\u00e7 b\u00f6lgesinde, deri alt\u0131ndaki kan dola\u015f\u0131m\u0131n\u0131n art\u0131r\u0131lmas\u0131 ve b\u00f6ylelikle mevcut sa\u00e7lar\u0131n g\u00fc\u00e7lenmesini sa\u011flayan, sa\u00e7s\u0131z alanlarda ise sa\u00e7 \u00e7\u0131kmas\u0131n\u0131 tetikleyen ve h\u0131zland\u0131ran sa\u011fl\u0131kl\u0131, g\u00fcvenli ve etkin bir tedavi y\u00f6ntemidir.<\/p>\n<h2>Sa\u00e7 lazeri nas\u0131l uygulan\u0131r?<\/h2>\n<p>\u00d6ncelikle uzman bir dermatolog taraf\u0131ndan kons\u00fcltasyon ve sa\u00e7 analizi yap\u0131l\u0131yor. Ki\u015finin sa\u00e7 yap\u0131s\u0131na ve d\u00f6k\u00fclmenin derecesine g\u00f6re seans say\u0131s\u0131 ve s\u0131kl\u0131\u011f\u0131 belirleniyor. Ard\u0131ndan sa\u00e7 b\u00f6lgesine dermapenle minik minik kanallar a\u00e7\u0131larak sa\u00e7lar\u0131n b\u00fcy\u00fcmesini ve beslenmesini h\u0131zland\u0131ran bir serum uygulan\u0131yor. Serum, yap\u0131lan masajla sa\u00e7 derisini yediriliyor. Sonras\u0131nda lazer cihaz\u0131yla sa\u00e7 derisinin alt\u0131ndaki, i\u015flevini yitirmi\u015f olan k\u0131lcal damarlara at\u0131\u015f yap\u0131larak o b\u00f6lgedeki kan dola\u015f\u0131m\u0131 h\u0131zland\u0131r\u0131l\u0131yor. Dermapen ve besleyici serum, lazer uygulamas\u0131n\u0131n etkinli\u011finin artmas\u0131n\u0131 sa\u011fl\u0131yor. A\u00e7\u0131lan kanallar sayesinde cilde derinlemesine n\u00fcfuz eden lazer \u0131\u015f\u0131nlar\u0131, aktif olmayan sa\u00e7 k\u00f6klerini uyar\u0131p protein sentezi ve h\u00fccre yenilenmesini tetikliyor.<\/p>\n<p>Sa\u00e7 lazer tedavisi hem yeni sa\u00e7 k\u00f6k\u00fc geli\u015fimine hem de mevcut sa\u00e7lar\u0131n g\u00fc\u00e7lenip kal\u0131nla\u015fmas\u0131na destek oluyor. \u0130lk a\u015famada haftada iki kez 20\u015fer dakikal\u0131k seanslar \u015feklinde uygulan\u0131yor. Ki\u015fiden ki\u015fiye de\u011fi\u015fkenlik g\u00f6stermekle birlikte haftada 1 kez olmak \u00fczere toplam 10 seansta (3-4 ay i\u00e7inde) g\u00f6zle g\u00f6r\u00fcl\u00fcr sonu\u00e7lar al\u0131nabiliyor. \u0130stenilen etkinin sa\u011flanmas\u0131 i\u00e7in sa\u00e7 lazeri tedavisinin en az 6 ay s\u00fcresince uygulanmas\u0131 \u00f6neriliyor. Hem kad\u0131nlarda hem de erkeklerde olduk\u00e7a ba\u015far\u0131l\u0131 sonu\u00e7lar veren sa\u00e7 lazer tedavisi sayesinde insanlar tamamen a\u011fr\u0131s\u0131z, konforlu ve g\u00fcvenli bir bi\u00e7imde g\u00fcr ve dolgun sa\u00e7lara sahip olabiliyor.<\/p>\n<p>Sa\u00e7 lazeri tek ba\u015f\u0131na etkin bir y\u00f6ntem oldu\u011fu gibi sa\u00e7 ekimi tedavisiyle kombine olarak da uygulanabiliyor. Sa\u00e7 ekimi \u00f6ncesinde, 15 g\u00fcn-1 ay boyunca yap\u0131ld\u0131\u011f\u0131nda beklenenin \u00fczerinde, olduk\u00e7a verimli sonu\u00e7lar al\u0131nmas\u0131n\u0131 sa\u011fl\u0131yor. Ayr\u0131ca sa\u00e7 ekiminden 1 ay sonra yap\u0131lan sa\u00e7 lazer tedavisi, ekilen sa\u00e7lar\u0131n daha h\u0131zl\u0131 \u00e7\u0131kmas\u0131 ve %90-95 oran\u0131nda (Lazerle desteklenmeyen sa\u00e7 ekiminde bu oran %70-80 aras\u0131ndad\u0131r.) tutunmas\u0131na destek oluyor. Sa\u00e7 ekimi sonras\u0131nda ekilen sa\u00e7lar\u0131n \u00e7ok daha erken ve g\u00fcr \u00e7\u0131kmas\u0131n\u0131 isteyenler i\u00e7in sa\u00e7 lazeri tedavisi olduk\u00e7a etkili ve ideal bir \u00e7\u00f6z\u00fcm sunuyor.<\/p>\n<h2>Kad\u0131nlarda sa\u00e7 lazeri tercih edilir mi?<\/h2>\n<p>\u00d6zellikle kad\u0131nlarda sa\u00e7 lazeri b\u00fcy\u00fck \u00f6l\u00e7\u00fcde \u00e7\u00f6z\u00fcm sa\u011flar, ekim olay\u0131 genelde en sona b\u0131rak\u0131l\u0131r. \u00d6ncelikli ama\u00e7 g\u00fc\u00e7lenebilecek yap\u0131y\u0131 harekete ge\u00e7irmek, d\u00f6k\u00fclmeyi durdurmak, sa\u00e7\u0131 daha canl\u0131, parlak ve kaliteli hale getirmektir. Kad\u0131nlarda sa\u00e7 d\u00f6k\u00fclmesi y\u00fczde 60-65 oran\u0131nda genetiktir. Bunun d\u0131\u015f\u0131nda guatr hormonu, kad\u0131nl\u0131k hormonu, vitamin eksiklikleri, demir, \u00e7inko selenyum gibi element eksikli\u011fi kad\u0131nlarda sa\u00e7 d\u00f6k\u00fclmesinde \u00f6nemli bir orana sahiptir. Bu nedenle ki\u015fi geldi\u011fi zaman \u00f6ncelikle ara\u015ft\u0131rmaya al\u0131n\u0131r. Eksiklikler saptan\u0131r, e\u011fer hormonel bir durumsa kad\u0131n hastal\u0131klar\u0131 uzman\u0131yla ortak \u00e7al\u0131\u015farak tedavi planlan\u0131r. Sa\u00e7 lazeri de bu do\u011frultuda uygulan\u0131r.<\/p>\n<p>Kad\u0131nlarda sa\u00e7 tedavisinde kullan\u0131lan tedavilere g\u00f6z atacak olursak; Growth Factor tedavisi serum ve lazer tedavisini saymak m\u00fcmk\u00fcnd\u00fcr. Lazer tedavisinde 6 ayl\u0131k bir s\u00fcre\u00e7te sa\u00e7lar\u0131n kalitesinde ve yo\u011funlu\u011funda art\u0131\u015f oldu\u011fu g\u00f6r\u00fcl\u00fcr.<\/p>\n","protected":false},"excerpt":{"rendered":"<p>Sa\u00e7 lazeri nedir? Sa\u00e7lar gerek kad\u0131nlar\u0131n gerekse erkeklerin en \u00f6nemli estetik aksesuar\u0131. Etkileyici bir g\u00f6r\u00fcn\u00fcme sahip olmak ve iyi hissetmek i\u00e7in sa\u00e7lar\u0131m\u0131z\u0131n yap\u0131s\u0131 ve \u015fekli olduk\u00e7a \u00f6nemli. Ancak modern ya\u015fam\u0131n getirdi\u011fi sa\u011fl\u0131ks\u0131z ya\u015fam ko\u015fullar\u0131, stres, genetik fakt\u00f6rler, ileri ya\u015f, troit hastal\u0131\u011f\u0131, demir ve D vitamini eksikli\u011fi sa\u00e7 kayb\u0131 ya\u015fanmas\u0131na neden olabiliyor. Sa\u00e7 tellerinin zay\u0131flamas\u0131, incelmesi [&hellip;]<\/p>\n","protected":false},"author":1,"featured_media":287,"comment_status":"open","ping_status":"open","sticky":false,"template":"","format":"standard","meta":{"footnotes":""},"categories":[7],"tags":[],"class_list":{"0":"post-161","1":"post","2":"type-post","3":"status-publish","4":"format-standard","5":"has-post-thumbnail","7":"category-sac-tedavileri"},"aioseo_notices":[],"_links":{"self":[{"href":"https:\/\/turkmenhairtransplant.com\/it\/wp-json\/wp\/v2\/posts\/161","targetHints":{"allow":["GET"]}}],"collection":[{"href":"https:\/\/turkmenhairtransplant.com\/it\/wp-json\/wp\/v2\/posts"}],"about":[{"href":"https:\/\/turkmenhairtransplant.com\/it\/wp-json\/wp\/v2\/types\/post"}],"author":[{"embeddable":true,"href":"https:\/\/turkmenhairtransplant.com\/it\/wp-json\/wp\/v2\/users\/1"}],"replies":[{"embeddable":true,"href":"https:\/\/turkmenhairtransplant.com\/it\/wp-json\/wp\/v2\/comments?post=161"}],"version-history":[{"count":0,"href":"https:\/\/turkmenhairtransplant.com\/it\/wp-json\/wp\/v2\/posts\/161\/revisions"}],"wp:featuredmedia":[{"embeddable":true,"href":"https:\/\/turkmenhairtransplant.com\/it\/wp-json\/wp\/v2\/media\/287"}],"wp:attachment":[{"href":"https:\/\/turkmenhairtransplant.com\/it\/wp-json\/wp\/v2\/media?parent=161"}],"wp:term":[{"taxonomy":"category","embeddable":true,"href":"https:\/\/turkmenhairtransplant.com\/it\/wp-json\/wp\/v2\/categories?post=161"},{"taxonomy":"post_tag","embeddable":true,"href":"https:\/\/turkmenhairtransplant.com\/it\/wp-json\/wp\/v2\/tags?post=161"}],"curies":[{"name":"wp","href":"https:\/\/api.w.org\/{rel}","templated":true}]}}