{"id":159,"date":"2022-04-19T20:12:48","date_gmt":"2022-04-19T17:12:48","guid":{"rendered":"http:\/\/www.turkmen.cutbro.com\/?p=159"},"modified":"2022-08-24T18:58:35","modified_gmt":"2022-08-24T15:58:35","slug":"iv-destekli-sac-tedavisi","status":"publish","type":"post","link":"https:\/\/turkmenhairtransplant.com\/it\/iv-destekli-sac-tedavisi\/","title":{"rendered":"IV Destekli Sa\u00e7 Tedavisi | Sa\u00e7 Ekimi"},"content":{"rendered":"<p>&nbsp;<\/p>\n<h2>IV Nutritions destekli sa\u00e7 ekimi tedavisi nedir?<\/h2>\n<p>Sa\u011fl\u0131kl\u0131 ve g\u00fcr sa\u00e7lara sahip olmak ve kendini iyi hissetmek her insan\u0131n hakk\u0131. Ancak modern \u015fehir hayat\u0131ndan kaynaklanan stres, sa\u011fl\u0131ks\u0131z ya\u015fam ko\u015fullar\u0131 ve d\u00fczensiz beslenme sa\u00e7lar\u0131n g\u00fc\u00e7s\u00fczle\u015fip cans\u0131zla\u015fmas\u0131na hatta bir s\u00fcre sonra geri gelmeyecek bir \u015fekilde kaybedilmesine neden oluyor. Buna bir de genetik etkenler, ileri ya\u015f, kronik sa\u011fl\u0131k sorunlar\u0131, hormonal dengesizlikler ve yanl\u0131\u015f kuaf\u00f6r uygulamalar\u0131 da eklenince sa\u00e7 kayb\u0131n\u0131n \u00f6n\u00fcne ge\u00e7mek olduk\u00e7a zorla\u015f\u0131yor. \u00c7o\u011fumuz pek \u00f6nemsemiyoruz ancak sa\u00e7lar\u0131m\u0131z da t\u0131pk\u0131 v\u00fccudumuzun di\u011fer organlar\u0131 gibi bak\u0131ma ve tedaviye ihtiya\u00e7 duyuyor. \u0130\u015fte g\u00fcncel sa\u00e7 tedavileri, sa\u00e7lar\u0131m\u0131za kaybetti\u011fi sa\u011fl\u0131\u011f\u0131, canl\u0131l\u0131\u011f\u0131 ve parlakl\u0131\u011f\u0131 yeniden kazand\u0131r\u0131yor. \u015eimdi ise bu etkin ve g\u00fcncel tedavilere, g\u00fcc\u00fcn\u00fc v\u00fccudumuzun ihtiya\u00e7 duydu\u011fu vitaminlerden alan IV Nutritions (intraven\u00f6z yani damardan beslenme) destekli sa\u00e7 tedavisi eklendi.<\/p>\n<p>IV Nutritions destekli sa\u00e7 tedavisi, sa\u00e7\u0131m\u0131z\u0131n ihtiya\u00e7 duydu\u011fu temel vitaminlerin serum halinde damardan direkt olarak v\u00fccudumuza verilmesi prensibine dayan\u0131yor. Hem var olan sa\u00e7lar\u0131 hem de e\u011fer sa\u00e7 ekimi yap\u0131lm\u0131\u015fsa yeni ekilen k\u00f6kleri derinlemesine besleyen IV Nutritions destekli sa\u00e7 tedavisi, sa\u00e7lar\u0131n k\u00f6kten uca ihtiya\u00e7 duydu\u011fu t\u00fcm vitamin ve mineralleri i\u00e7eriyor. Sa\u00e7 sa\u011fl\u0131\u011f\u0131 i\u00e7in hayati \u00f6neme sahip biyotin, niasin (B3 vitamini), folik asit, \u00e7inko, C ve B gibi vitaminlerini i\u00e7eren IV Nutritions serum; sa\u00e7lar\u0131n g\u00fc\u00e7lenip g\u00fcrle\u015fmesini, h\u0131zla uzamas\u0131n\u0131 ve e\u011fer sa\u00e7 ekimi yap\u0131lm\u0131\u015fsa sa\u00e7l\u0131 derinin kendini h\u0131zla yenilemesini ve iyile\u015fmesini sa\u011fl\u0131yor. \u0130\u00e7eri\u011fi, ki\u015finin sa\u00e7 yap\u0131s\u0131na ve ihtiyac\u0131na g\u00f6re belirlenebilen IV Nutritions serumdaki biyotin sa\u00e7\u0131 g\u00fc\u00e7lendirirken \u00e7inko, ekimin yap\u0131ld\u0131\u011f\u0131 b\u00f6lgedeki cildin h\u0131zla iyile\u015fmesini sa\u011fl\u0131yor. N-asetilsistein cilt alt\u0131 ba\u011f dokular\u0131n\u0131 iyile\u015ftirirken B5 vitamini sa\u00e7 tellerini g\u00fc\u00e7lendiriyor. &#8220;Vitamin kokteyli&#8221; olarak da adland\u0131rabilece\u011fimiz bu serum sayesinde sa\u00e7 d\u00f6k\u00fclmesi ciddi oranda azal\u0131rken sa\u00e7lar\u0131n canl\u0131l\u0131\u011f\u0131nda ve parlakl\u0131\u011f\u0131nda belirgin bir d\u00fczelme g\u00f6zlemleniyor.<\/p>\n<p>IV Nutritions destekli sa\u00e7 tedavisi sa\u00e7lar\u0131n\u0131n cans\u0131zl\u0131\u011f\u0131ndan ve g\u00fc\u00e7s\u00fczl\u00fc\u011f\u00fcnden yak\u0131nan, hatal\u0131 kuaf\u00f6r uygulamalar\u0131 nedeniyle sa\u00e7lar\u0131 eski parlakl\u0131\u011f\u0131n\u0131 yitiren ve sa\u00e7 kayb\u0131 yeni yeni ba\u015flayanlar i\u00e7in adeta bir \u00f6nleyici, kurtar\u0131c\u0131 tedavi vazifesi g\u00f6r\u00fcyor. Bu vitamin deposu serum sayesinde sa\u00e7lar, kritik bir a\u015famaya gelmeden kurtar\u0131labiliyor. B\u00f6ylelikle sa\u00e7 kayb\u0131n\u0131n \u00f6n\u00fcne ge\u00e7ilmi\u015f oluyor. Estetik alan\u0131nda &#8220;hair-nail serum&#8221; olarak da ge\u00e7en IV Nutritions destekli sa\u00e7 tedavisi sadece sa\u00e7lar\u0131n de\u011fil; sakal, ka\u015f ve t\u0131rnaklar\u0131n daha g\u00fc\u00e7l\u00fc ve sa\u011fl\u0131kl\u0131 bir yap\u0131ya kavu\u015fmas\u0131n\u0131 da sa\u011fl\u0131yor. Sa\u00e7lar gibi t\u0131rnaklar da parlak, g\u00fc\u00e7l\u00fc ve canl\u0131 bir yap\u0131ya sahip oluyor.<\/p>\n<p>IV Nutritions destekli sa\u00e7 tedavisinin yenileyici etkisi kendini cilt \u00fczerinde de belirgin bir bi\u00e7imde g\u00f6steriyor. Vitamin bazl\u0131 serum cilde ihtiyac\u0131 olan nemi kazand\u0131r\u0131yor; besleyici ve yenileyici etkisiyle cilt lekelerinin ve k\u0131r\u0131\u015f\u0131kl\u0131klar\u0131n g\u00f6r\u00fcn\u00fcm\u00fcn\u00fc azalt\u0131yor. Hava kirlili\u011fi, iklim ve mevsim ge\u00e7i\u015fleri nedeniyle solgunla\u015fan cildimize canl\u0131l\u0131\u011f\u0131n\u0131, parlakl\u0131\u011f\u0131n\u0131 ve dirili\u011fini yeniden kazand\u0131r\u0131yor.<\/p>\n<h2>IV Nutritions destekli sa\u00e7 ekimi tedavisi nas\u0131l yap\u0131l\u0131r?<\/h2>\n<p>IV Nutritions destekli sa\u00e7 tedavisinde ki\u015fiye \u00f6zel haz\u0131rlanan vitamin bazl\u0131 serum v\u00fccuda damardan direkt olarak uygulan\u0131yor. Vitaminlerin serum formunda damardan verilmesi, i\u00e7eri\u011finin sa\u00e7\u0131 besleyen k\u0131lcal damarlara yo\u011fun bir \u015fekilde ula\u015fmas\u0131n\u0131 sa\u011fl\u0131yor. K\u0131lcal damarlardan ihtiya\u00e7 duydu\u011fu vitaminleri alan k\u00f6kler g\u00fc\u00e7lenirken sa\u00e7 telleri k\u0131sa s\u00fcre i\u00e7inde sa\u011fl\u0131kl\u0131, parlak ve canl\u0131 bir g\u00f6r\u00fcn\u00fcme kavu\u015fuyor. Sa\u00e7\u0131n ihtiyac\u0131na g\u00f6re haftada 1 olmak \u00fczere 5 haftal\u0131k bir k\u00fcr \u015feklinde ger\u00e7ekle\u015ftirilen IV Nutritions destekli sa\u00e7 tedavisi 18 ya\u015f\u0131ndan b\u00fcy\u00fck herkese uygulanabiliyor<\/p>\n","protected":false},"excerpt":{"rendered":"<p>&nbsp; IV Nutritions destekli sa\u00e7 ekimi tedavisi nedir? Sa\u011fl\u0131kl\u0131 ve g\u00fcr sa\u00e7lara sahip olmak ve kendini iyi hissetmek her insan\u0131n hakk\u0131. Ancak modern \u015fehir hayat\u0131ndan kaynaklanan stres, sa\u011fl\u0131ks\u0131z ya\u015fam ko\u015fullar\u0131 ve d\u00fczensiz beslenme sa\u00e7lar\u0131n g\u00fc\u00e7s\u00fczle\u015fip cans\u0131zla\u015fmas\u0131na hatta bir s\u00fcre sonra geri gelmeyecek bir \u015fekilde kaybedilmesine neden oluyor. Buna bir de genetik etkenler, ileri ya\u015f, kronik [&hellip;]<\/p>\n","protected":false},"author":1,"featured_media":286,"comment_status":"open","ping_status":"open","sticky":false,"template":"","format":"standard","meta":{"footnotes":""},"categories":[7],"tags":[],"class_list":{"0":"post-159","1":"post","2":"type-post","3":"status-publish","4":"format-standard","5":"has-post-thumbnail","7":"category-sac-tedavileri"},"aioseo_notices":[],"_links":{"self":[{"href":"https:\/\/turkmenhairtransplant.com\/it\/wp-json\/wp\/v2\/posts\/159","targetHints":{"allow":["GET"]}}],"collection":[{"href":"https:\/\/turkmenhairtransplant.com\/it\/wp-json\/wp\/v2\/posts"}],"about":[{"href":"https:\/\/turkmenhairtransplant.com\/it\/wp-json\/wp\/v2\/types\/post"}],"author":[{"embeddable":true,"href":"https:\/\/turkmenhairtransplant.com\/it\/wp-json\/wp\/v2\/users\/1"}],"replies":[{"embeddable":true,"href":"https:\/\/turkmenhairtransplant.com\/it\/wp-json\/wp\/v2\/comments?post=159"}],"version-history":[{"count":0,"href":"https:\/\/turkmenhairtransplant.com\/it\/wp-json\/wp\/v2\/posts\/159\/revisions"}],"wp:featuredmedia":[{"embeddable":true,"href":"https:\/\/turkmenhairtransplant.com\/it\/wp-json\/wp\/v2\/media\/286"}],"wp:attachment":[{"href":"https:\/\/turkmenhairtransplant.com\/it\/wp-json\/wp\/v2\/media?parent=159"}],"wp:term":[{"taxonomy":"category","embeddable":true,"href":"https:\/\/turkmenhairtransplant.com\/it\/wp-json\/wp\/v2\/categories?post=159"},{"taxonomy":"post_tag","embeddable":true,"href":"https:\/\/turkmenhairtransplant.com\/it\/wp-json\/wp\/v2\/tags?post=159"}],"curies":[{"name":"wp","href":"https:\/\/api.w.org\/{rel}","templated":true}]}}